{"id":3606,"date":"2025-01-08T11:17:43","date_gmt":"2025-01-08T09:17:43","guid":{"rendered":"https:\/\/www.pfccostadelsol.com\/?p=3606"},"modified":"2026-04-23T02:25:37","modified_gmt":"2026-04-23T00:25:37","slug":"el-almeria-b-pone-a-punto-su-maquinaria-en-pfc-antes-de-visitar-jerez","status":"publish","type":"post","link":"https:\/\/www.pfccostadelsol.com\/en\/el-almeria-b-pone-a-punto-su-maquinaria-en-pfc-antes-de-visitar-jerez\/","title":{"rendered":"El Almer\u00eda B pone a punto su maquinaria en PFC antes de visitar Jerez"},"content":{"rendered":"<div data-elementor-type=\"wp-post\" data-elementor-id=\"3606\" class=\"elementor elementor-3606\" data-elementor-post-type=\"post\">\n\t\t\t\t<div class=\"elementor-element elementor-element-2da1b74 e-flex e-con-boxed e-con e-parent\" data-id=\"2da1b74\" data-element_type=\"container\" data-e-type=\"container\">\n\t\t\t\t\t<div class=\"e-con-inner\">\n\t\t<div class=\"elementor-element elementor-element-0a97652 e-con-full e-flex e-con e-child\" data-id=\"0a97652\" data-element_type=\"container\" data-e-type=\"container\" data-settings=\"{&quot;background_background&quot;:&quot;classic&quot;}\">\n\t\t\t\t<div class=\"elementor-element elementor-element-5578025 elementor-widget elementor-widget-post-info\" data-id=\"5578025\" data-element_type=\"widget\" data-e-type=\"widget\" data-widget_type=\"post-info.default\">\n\t\t\t\t<div class=\"elementor-widget-container\">\n\t\t\t\t\t\t\t<ul class=\"elementor-inline-items elementor-icon-list-items elementor-post-info\">\n\t\t\t\t\t\t\t\t<li class=\"elementor-icon-list-item elementor-repeater-item-76d1e05 elementor-inline-item\" itemprop=\"datePublished\">\n\t\t\t\t\t\t\t\t\t\t\t\t\t<span class=\"elementor-icon-list-text elementor-post-info__item elementor-post-info__item--type-date\">\n\t\t\t\t\t\t\t\t\t\t<time>January 8, 2025<\/time>\t\t\t\t\t<\/span>\n\t\t\t\t\t\t\t\t<\/li>\n\t\t\t\t<\/ul>\n\t\t\t\t\t\t<\/div>\n\t\t\t\t<\/div>\n\t\t\t\t<div class=\"elementor-element elementor-element-68d811a elementor-widget elementor-widget-heading\" data-id=\"68d811a\" data-element_type=\"widget\" data-e-type=\"widget\" data-widget_type=\"heading.default\">\n\t\t\t\t<div class=\"elementor-widget-container\">\n\t\t\t\t\t<h2 class=\"elementor-heading-title elementor-size-default\">El Almer\u00eda B pone a punto su maquinaria en PFC antes de visitar Jerez.<\/h2>\t\t\t\t<\/div>\n\t\t\t\t<\/div>\n\t\t\t\t<div class=\"elementor-element elementor-element-ef27b7f elementor-widget elementor-widget-text-editor\" data-id=\"ef27b7f\" data-element_type=\"widget\" data-e-type=\"widget\" data-widget_type=\"text-editor.default\">\n\t\t\t\t<div class=\"elementor-widget-container\">\n\t\t\t\t\t\t\t\t\t<p>El filial del Almer\u00eda, el Almer\u00eda B, eligi\u00f3 las instalaciones de PFC Costa del Sol como su cuartel general antes de enfrentarse al Xerez Deportivo. Los ind\u00e1licos, con un proyecto deportivo ambicioso y una cantera pujante, aprovecharon la jornada para entrenar en nuestros campos de c\u00e9sped natural y disfrutar del clima mediterr\u00e1neo.<\/p><p>El Almer\u00eda B representa el futuro del club andaluz. Con una mezcla de j\u00f3venes talentos y jugadores con experiencia, el filial rojiblanco busca formar a los futbolistas que defender\u00e1n los colores del primer equipo en un futuro pr\u00f3ximo. Su visita a C\u00e1rtama ha sido una oportunidad para que nuestros campos acogieran a un equipo con uno de los proyectos mas ilusionantes del futbol andaluz.<\/p><p>La elecci\u00f3n de PFC Costa del Sol no fue casual. La ubicaci\u00f3n estrat\u00e9gica de nuestras instalaciones, cerca del aeropuerto y en camino a Jerez de la Frontera, lo convierten en el lugar ideal para que los equipos puedan desplazarse c\u00f3modamente y concentrarse en sus objetivos. Adem\u00e1s, nuestros campos de c\u00e9sped natural ofrecen las mejores condiciones para el entrenamiento.<\/p><p>Los jugadores y cuerpo t\u00e9cnico del Almer\u00eda B mostraron su satisfacci\u00f3n con las instalaciones de PFC Costa del Sol. Destacaron la calidad del c\u00e9sped, la amplitud de los campos y la tranquilidad del entorno.<\/p>\t\t\t\t\t\t\t\t<\/div>\n\t\t\t\t<\/div>\n\t\t\t\t<div class=\"elementor-element elementor-element-8249498 elementor-widget elementor-widget-heading\" data-id=\"8249498\" data-element_type=\"widget\" data-e-type=\"widget\" data-widget_type=\"heading.default\">\n\t\t\t\t<div class=\"elementor-widget-container\">\n\t\t\t\t\t<h2 class=\"elementor-heading-title elementor-size-default\">PFC Costa del Sol, un aliado para los equipos de f\u00fatbol.<\/h2>\t\t\t\t<\/div>\n\t\t\t\t<\/div>\n\t\t\t\t<div class=\"elementor-element elementor-element-2e5742e elementor-widget elementor-widget-text-editor\" data-id=\"2e5742e\" data-element_type=\"widget\" data-e-type=\"widget\" data-widget_type=\"text-editor.default\">\n\t\t\t\t<div class=\"elementor-widget-container\">\n\t\t\t\t\t\t\t\t\t<p><span style=\"font-weight: 400;\">La visita del Almer\u00eda B reafirma la posici\u00f3n de PFC Costa del Sol como un aliado de los equipos de f\u00fatbol. Nuestras instalaciones est\u00e1n dise\u00f1adas para ofrecer el m\u00e1ximo rendimiento a los deportistas, y la elecci\u00f3n de equipos de diferentes categor\u00edas demuestra la confianza que depositan en nosotros.<\/span><\/p>\t\t\t\t\t\t\t\t<\/div>\n\t\t\t\t<\/div>\n\t\t\t\t<div class=\"elementor-element elementor-element-789f76e elementor-widget elementor-widget-text-editor\" data-id=\"789f76e\" data-element_type=\"widget\" data-e-type=\"widget\" data-widget_type=\"text-editor.default\">\n\t\t\t\t<div class=\"elementor-widget-container\">\n\t\t\t\t\t\t\t\t\t<p>#PFCCostadelSol #Almer\u00edaB #F\u00fatbol #C\u00e1rtama #pretemporadas<\/p>\t\t\t\t\t\t\t\t<\/div>\n\t\t\t\t<\/div>\n\t\t\t\t<div class=\"elementor-element elementor-element-edfe653 elementor-shape-circle e-grid-align-left elementor-grid-0 elementor-widget elementor-widget-social-icons\" data-id=\"edfe653\" data-element_type=\"widget\" data-e-type=\"widget\" data-widget_type=\"social-icons.default\">\n\t\t\t\t<div class=\"elementor-widget-container\">\n\t\t\t\t\t\t\t<div class=\"elementor-social-icons-wrapper elementor-grid\" role=\"list\">\n\t\t\t\t\t\t\t<span class=\"elementor-grid-item\" role=\"listitem\">\n\t\t\t\t\t<a class=\"elementor-icon elementor-social-icon elementor-social-icon-instagram elementor-repeater-item-a716e7b\" href=\"https:\/\/www.instagram.com\/pfccostadelsol\/\" target=\"_blank\">\n\t\t\t\t\t\t<span class=\"elementor-screen-only\">Instagram<\/span>\n\t\t\t\t\t\t<svg aria-hidden=\"true\" class=\"e-font-icon-svg e-fab-instagram\" viewbox=\"0 0 448 512\" xmlns=\"http:\/\/www.w3.org\/2000\/svg\"><path d=\"M224.1 141c-63.6 0-114.9 51.3-114.9 114.9s51.3 114.9 114.9 114.9S339 319.5 339 255.9 287.7 141 224.1 141zm0 189.6c-41.1 0-74.7-33.5-74.7-74.7s33.5-74.7 74.7-74.7 74.7 33.5 74.7 74.7-33.6 74.7-74.7 74.7zm146.4-194.3c0 14.9-12 26.8-26.8 26.8-14.9 0-26.8-12-26.8-26.8s12-26.8 26.8-26.8 26.8 12 26.8 26.8zm76.1 27.2c-1.7-35.9-9.9-67.7-36.2-93.9-26.2-26.2-58-34.4-93.9-36.2-37-2.1-147.9-2.1-184.9 0-35.8 1.7-67.6 9.9-93.9 36.1s-34.4 58-36.2 93.9c-2.1 37-2.1 147.9 0 184.9 1.7 35.9 9.9 67.7 36.2 93.9s58 34.4 93.9 36.2c37 2.1 147.9 2.1 184.9 0 35.9-1.7 67.7-9.9 93.9-36.2 26.2-26.2 34.4-58 36.2-93.9 2.1-37 2.1-147.8 0-184.8zM398.8 388c-7.8 19.6-22.9 34.7-42.6 42.6-29.5 11.7-99.5 9-132.1 9s-102.7 2.6-132.1-9c-19.6-7.8-34.7-22.9-42.6-42.6-11.7-29.5-9-99.5-9-132.1s-2.6-102.7 9-132.1c7.8-19.6 22.9-34.7 42.6-42.6 29.5-11.7 99.5-9 132.1-9s102.7-2.6 132.1 9c19.6 7.8 34.7 22.9 42.6 42.6 11.7 29.5 9 99.5 9 132.1s2.7 102.7-9 132.1z\"><\/path><\/svg>\t\t\t\t\t<\/a>\n\t\t\t\t<\/span>\n\t\t\t\t\t\t\t<span class=\"elementor-grid-item\" role=\"listitem\">\n\t\t\t\t\t<a class=\"elementor-icon elementor-social-icon elementor-social-icon-linkedin elementor-repeater-item-db020eb\" href=\"https:\/\/es.linkedin.com\/company\/pfccostadelsol-profutcamps\" target=\"_blank\">\n\t\t\t\t\t\t<span class=\"elementor-screen-only\">Linkedin<\/span>\n\t\t\t\t\t\t<svg aria-hidden=\"true\" class=\"e-font-icon-svg e-fab-linkedin\" viewbox=\"0 0 448 512\" xmlns=\"http:\/\/www.w3.org\/2000\/svg\"><path d=\"M416 32H31.9C14.3 32 0 46.5 0 64.3v383.4C0 465.5 14.3 480 31.9 480H416c17.6 0 32-14.5 32-32.3V64.3c0-17.8-14.4-32.3-32-32.3zM135.4 416H69V202.2h66.5V416zm-33.2-243c-21.3 0-38.5-17.3-38.5-38.5S80.9 96 102.2 96c21.2 0 38.5 17.3 38.5 38.5 0 21.3-17.2 38.5-38.5 38.5zm282.1 243h-66.4V312c0-24.8-.5-56.7-34.5-56.7-34.6 0-39.9 27-39.9 54.9V416h-66.4V202.2h63.7v29.2h.9c8.9-16.8 30.6-34.5 62.9-34.5 67.2 0 79.7 44.3 79.7 101.9V416z\"><\/path><\/svg>\t\t\t\t\t<\/a>\n\t\t\t\t<\/span>\n\t\t\t\t\t<\/div>\n\t\t\t\t\t\t<\/div>\n\t\t\t\t<\/div>\n\t\t\t\t<div class=\"elementor-element elementor-element-a7a0241 elementor-widget elementor-widget-theme-post-featured-image elementor-widget-image\" data-id=\"a7a0241\" data-element_type=\"widget\" data-e-type=\"widget\" data-widget_type=\"theme-post-featured-image.default\">\n\t\t\t\t<div class=\"elementor-widget-container\">\n\t\t\t\t\t\t\t\t\t\t\t\t\t\t\t<img fetchpriority=\"high\" decoding=\"async\" width=\"800\" height=\"533\" src=\"https:\/\/www.pfccostadelsol.com\/wp-content\/uploads\/2024\/06\/WhatsApp-Image-2024-06-13-at-12.53.39-8-1024x682.jpeg\" class=\"attachment-large size-large wp-image-435\" alt=\"\" srcset=\"https:\/\/www.pfccostadelsol.com\/wp-content\/uploads\/2024\/06\/WhatsApp-Image-2024-06-13-at-12.53.39-8-1024x682.jpeg 1024w, https:\/\/www.pfccostadelsol.com\/wp-content\/uploads\/2024\/06\/WhatsApp-Image-2024-06-13-at-12.53.39-8-300x200.jpeg 300w, https:\/\/www.pfccostadelsol.com\/wp-content\/uploads\/2024\/06\/WhatsApp-Image-2024-06-13-at-12.53.39-8-768x512.jpeg 768w, https:\/\/www.pfccostadelsol.com\/wp-content\/uploads\/2024\/06\/WhatsApp-Image-2024-06-13-at-12.53.39-8-1536x1023.jpeg 1536w, https:\/\/www.pfccostadelsol.com\/wp-content\/uploads\/2024\/06\/WhatsApp-Image-2024-06-13-at-12.53.39-8.jpeg 1600w\" sizes=\"(max-width: 800px) 100vw, 800px\" \/>\t\t\t\t\t\t\t\t\t\t\t\t\t\t\t<\/div>\n\t\t\t\t<\/div>\n\t\t\t\t<\/div>\n\t\t\t\t<div class=\"elementor-element elementor-element-a82d884 elementor-post-navigation-borders-yes elementor-widget elementor-widget-post-navigation\" data-id=\"a82d884\" data-element_type=\"widget\" data-e-type=\"widget\" data-widget_type=\"post-navigation.default\">\n\t\t\t\t<div class=\"elementor-widget-container\">\n\t\t\t\t\t\t\t<div class=\"elementor-post-navigation\" role=\"navigation\" aria-label=\"Post Navigation\">\n\t\t\t<div class=\"elementor-post-navigation__prev elementor-post-navigation__link\">\n\t\t\t\t\t\t\t<\/div>\n\t\t\t\t\t\t\t<div class=\"elementor-post-navigation__separator-wrapper\">\n\t\t\t\t\t<div class=\"elementor-post-navigation__separator\"><\/div>\n\t\t\t\t<\/div>\n\t\t\t\t\t\t<div class=\"elementor-post-navigation__next elementor-post-navigation__link\">\n\t\t\t\t<a href=\"https:\/\/www.pfccostadelsol.com\/en\/david-martinez-visita-pfc-costa-del-sol-y-entrevista-a-jose-callejon-previo-al-duelo-con-el-atletico-de-madrid\/\" rel=\"next\"><span class=\"elementor-post-navigation__link__next\"><span class=\"post-navigation__next--label\">Siguiente<br>noticia<\/span><\/span><span class=\"post-navigation__arrow-wrapper post-navigation__arrow-next\"><svg aria-hidden=\"true\" class=\"e-font-icon-svg e-fas-angle-right\" viewbox=\"0 0 256 512\" xmlns=\"http:\/\/www.w3.org\/2000\/svg\"><path d=\"M224.3 273l-136 136c-9.4 9.4-24.6 9.4-33.9 0l-22.6-22.6c-9.4-9.4-9.4-24.6 0-33.9l96.4-96.4-96.4-96.4c-9.4-9.4-9.4-24.6 0-33.9L54.3 103c9.4-9.4 24.6-9.4 33.9 0l136 136c9.5 9.4 9.5 24.6.1 34z\"><\/path><\/svg><span class=\"elementor-screen-only\">Next<\/span><\/span><\/a>\t\t\t<\/div>\n\t\t<\/div>\n\t\t\t\t\t\t<\/div>\n\t\t\t\t<\/div>\n\t\t<div class=\"elementor-element elementor-element-4fac92b e-con-full e-flex e-con e-child\" data-id=\"4fac92b\" data-element_type=\"container\" data-e-type=\"container\">\n\t\t\t\t<div class=\"elementor-element elementor-element-0187623 elementor-widget-mobile__width-initial elementor-widget elementor-widget-heading\" data-id=\"0187623\" data-element_type=\"widget\" data-e-type=\"widget\" data-widget_type=\"heading.default\">\n\t\t\t\t<div class=\"elementor-widget-container\">\n\t\t\t\t\t<h2 class=\"elementor-heading-title elementor-size-default\">\u00daltimas noticias<\/h2>\t\t\t\t<\/div>\n\t\t\t\t<\/div>\n\t\t\t\t<div class=\"elementor-element elementor-element-2d990f0 elementor-grid-3 elementor-grid-tablet-2 elementor-grid-mobile-1 elementor-posts--thumbnail-top elementor-card-shadow-yes elementor-posts__hover-gradient elementor-widget elementor-widget-posts\" data-id=\"2d990f0\" data-element_type=\"widget\" data-e-type=\"widget\" data-settings=\"{&quot;cards_row_gap&quot;:{&quot;unit&quot;:&quot;px&quot;,&quot;size&quot;:50,&quot;sizes&quot;:[]},&quot;cards_row_gap_tablet&quot;:{&quot;unit&quot;:&quot;px&quot;,&quot;size&quot;:50,&quot;sizes&quot;:[]},&quot;cards_columns&quot;:&quot;3&quot;,&quot;cards_columns_tablet&quot;:&quot;2&quot;,&quot;cards_columns_mobile&quot;:&quot;1&quot;,&quot;cards_row_gap_laptop&quot;:{&quot;unit&quot;:&quot;px&quot;,&quot;size&quot;:&quot;&quot;,&quot;sizes&quot;:[]},&quot;cards_row_gap_mobile&quot;:{&quot;unit&quot;:&quot;px&quot;,&quot;size&quot;:&quot;&quot;,&quot;sizes&quot;:[]}}\" data-widget_type=\"posts.cards\">\n\t\t\t\t<div class=\"elementor-widget-container\">\n\t\t\t\t\t\t\t<div class=\"elementor-posts-container elementor-posts elementor-posts--skin-cards elementor-grid\" role=\"list\">\n\t\t\t\t<article class=\"elementor-post elementor-grid-item post-4070 post type-post status-publish format-standard has-post-thumbnail hentry category-teams\" role=\"listitem\">\n\t\t\t<div class=\"elementor-post__card\">\n\t\t\t\t<a class=\"elementor-post__thumbnail__link\" href=\"https:\/\/www.pfccostadelsol.com\/en\/galway-united-se-entrena-en-las-instalaciones-pfc-costa-del-sol\/\" tabindex=\"-1\" ><div class=\"elementor-post__thumbnail\"><img decoding=\"async\" width=\"800\" height=\"800\" src=\"https:\/\/www.pfccostadelsol.com\/wp-content\/uploads\/2025\/01\/48d6a91e-9284-4b06-9b1c-e7422e3cc8fc-1024x1024.jpg\" class=\"attachment-large size-large wp-image-4052\" alt=\"\" srcset=\"https:\/\/www.pfccostadelsol.com\/wp-content\/uploads\/2025\/01\/48d6a91e-9284-4b06-9b1c-e7422e3cc8fc-1024x1024.jpg 1024w, https:\/\/www.pfccostadelsol.com\/wp-content\/uploads\/2025\/01\/48d6a91e-9284-4b06-9b1c-e7422e3cc8fc-300x300.jpg 300w, https:\/\/www.pfccostadelsol.com\/wp-content\/uploads\/2025\/01\/48d6a91e-9284-4b06-9b1c-e7422e3cc8fc-150x150.jpg 150w, https:\/\/www.pfccostadelsol.com\/wp-content\/uploads\/2025\/01\/48d6a91e-9284-4b06-9b1c-e7422e3cc8fc-768x768.jpg 768w, https:\/\/www.pfccostadelsol.com\/wp-content\/uploads\/2025\/01\/48d6a91e-9284-4b06-9b1c-e7422e3cc8fc-1536x1536.jpg 1536w, https:\/\/www.pfccostadelsol.com\/wp-content\/uploads\/2025\/01\/48d6a91e-9284-4b06-9b1c-e7422e3cc8fc-2048x2048.jpg 2048w, https:\/\/www.pfccostadelsol.com\/wp-content\/uploads\/2025\/01\/48d6a91e-9284-4b06-9b1c-e7422e3cc8fc-12x12.jpg 12w\" sizes=\"(max-width: 800px) 100vw, 800px\" \/><\/div><\/a>\n\t\t\t\t<div class=\"elementor-post__text\">\n\t\t\t\t<h3 class=\"elementor-post__title\">\n\t\t\t<a href=\"https:\/\/www.pfccostadelsol.com\/en\/galway-united-se-entrena-en-las-instalaciones-pfc-costa-del-sol\/\" >\n\t\t\t\tGalway United se entrena en las instalaciones del PFC Costa del Sol\t\t\t<\/a>\n\t\t<\/h3>\n\t\t\n\t\t<a class=\"elementor-post__read-more\" href=\"https:\/\/www.pfccostadelsol.com\/en\/galway-united-se-entrena-en-las-instalaciones-pfc-costa-del-sol\/\" aria-label=\"Read more about Galway United se entrena en las instalaciones del PFC Costa del Sol\" tabindex=\"-1\" >\n\t\t\tRead more \u00bb\t\t<\/a>\n\n\t\t\t\t<\/div>\n\t\t\t\t<div class=\"elementor-post__meta-data\">\n\t\t\t\t\t<span class=\"elementor-post-date\">\n\t\t\t19\/02\/2025\t\t<\/span>\n\t\t\t\t<\/div>\n\t\t\t\t\t<\/div>\n\t\t<\/article>\n\t\t\t\t<article class=\"elementor-post elementor-grid-item post-4014 post type-post status-publish format-standard has-post-thumbnail hentry category-pro-players\" role=\"listitem\">\n\t\t\t<div class=\"elementor-post__card\">\n\t\t\t\t<a class=\"elementor-post__thumbnail__link\" href=\"https:\/\/www.pfccostadelsol.com\/en\/un-atleta-no-debe-dejarse-estar-y-pfc-costa-del-sol-es-el-lugar-ideal-para-su-entrenamiento-fisico-y-deportivo\/\" tabindex=\"-1\" ><div class=\"elementor-post__thumbnail\"><img decoding=\"async\" width=\"630\" height=\"1024\" src=\"https:\/\/www.pfccostadelsol.com\/wp-content\/uploads\/2025\/01\/Samu-Castillejo-visita-PFC-Costa-del-Sol-630x1024.jpeg\" class=\"attachment-large size-large wp-image-4024\" alt=\"\" srcset=\"https:\/\/www.pfccostadelsol.com\/wp-content\/uploads\/2025\/01\/Samu-Castillejo-visita-PFC-Costa-del-Sol-630x1024.jpeg 630w, https:\/\/www.pfccostadelsol.com\/wp-content\/uploads\/2025\/01\/Samu-Castillejo-visita-PFC-Costa-del-Sol-185x300.jpeg 185w, https:\/\/www.pfccostadelsol.com\/wp-content\/uploads\/2025\/01\/Samu-Castillejo-visita-PFC-Costa-del-Sol-768x1248.jpeg 768w, https:\/\/www.pfccostadelsol.com\/wp-content\/uploads\/2025\/01\/Samu-Castillejo-visita-PFC-Costa-del-Sol-945x1536.jpeg 945w, https:\/\/www.pfccostadelsol.com\/wp-content\/uploads\/2025\/01\/Samu-Castillejo-visita-PFC-Costa-del-Sol-7x12.jpeg 7w, https:\/\/www.pfccostadelsol.com\/wp-content\/uploads\/2025\/01\/Samu-Castillejo-visita-PFC-Costa-del-Sol.jpeg 1260w\" sizes=\"(max-width: 630px) 100vw, 630px\" \/><\/div><\/a>\n\t\t\t\t<div class=\"elementor-post__text\">\n\t\t\t\t<h3 class=\"elementor-post__title\">\n\t\t\t<a href=\"https:\/\/www.pfccostadelsol.com\/en\/un-atleta-no-debe-dejarse-estar-y-pfc-costa-del-sol-es-el-lugar-ideal-para-su-entrenamiento-fisico-y-deportivo\/\" >\n\t\t\t\tUn atleta no debe dejarse estar y PFC Costa del Sol, es el lugar ideal para su entrenamiento f\u00edsico y deportivo\t\t\t<\/a>\n\t\t<\/h3>\n\t\t\n\t\t<a class=\"elementor-post__read-more\" href=\"https:\/\/www.pfccostadelsol.com\/en\/un-atleta-no-debe-dejarse-estar-y-pfc-costa-del-sol-es-el-lugar-ideal-para-su-entrenamiento-fisico-y-deportivo\/\" aria-label=\"Read more about Un atleta no debe dejarse estar y PFC Costa del Sol, es el lugar ideal para su entrenamiento f\u00edsico y deportivo\" tabindex=\"-1\" >\n\t\t\tRead more \u00bb\t\t<\/a>\n\n\t\t\t\t<\/div>\n\t\t\t\t<div class=\"elementor-post__meta-data\">\n\t\t\t\t\t<span class=\"elementor-post-date\">\n\t\t\t15\/01\/2025\t\t<\/span>\n\t\t\t\t<\/div>\n\t\t\t\t\t<\/div>\n\t\t<\/article>\n\t\t\t\t<article class=\"elementor-post elementor-grid-item post-4008 post type-post status-publish format-standard has-post-thumbnail hentry category-teams\" role=\"listitem\">\n\t\t\t<div class=\"elementor-post__card\">\n\t\t\t\t<a class=\"elementor-post__thumbnail__link\" href=\"https:\/\/www.pfccostadelsol.com\/en\/pfc-costa-del-sol-ofreciendo-alternativas-a-pretemporadas-en-la-costa-del-sol\/\" tabindex=\"-1\" ><div class=\"elementor-post__thumbnail\"><img loading=\"lazy\" decoding=\"async\" width=\"800\" height=\"534\" src=\"https:\/\/www.pfccostadelsol.com\/wp-content\/uploads\/2025\/01\/IMG_3725-1024x683.jpg\" class=\"attachment-large size-large wp-image-3827\" alt=\"\" srcset=\"https:\/\/www.pfccostadelsol.com\/wp-content\/uploads\/2025\/01\/IMG_3725-1024x683.jpg 1024w, https:\/\/www.pfccostadelsol.com\/wp-content\/uploads\/2025\/01\/IMG_3725-300x200.jpg 300w, https:\/\/www.pfccostadelsol.com\/wp-content\/uploads\/2025\/01\/IMG_3725-768x512.jpg 768w, https:\/\/www.pfccostadelsol.com\/wp-content\/uploads\/2025\/01\/IMG_3725-1536x1024.jpg 1536w, https:\/\/www.pfccostadelsol.com\/wp-content\/uploads\/2025\/01\/IMG_3725-2048x1365.jpg 2048w, https:\/\/www.pfccostadelsol.com\/wp-content\/uploads\/2025\/01\/IMG_3725-18x12.jpg 18w\" sizes=\"(max-width: 800px) 100vw, 800px\" \/><\/div><\/a>\n\t\t\t\t<div class=\"elementor-post__text\">\n\t\t\t\t<h3 class=\"elementor-post__title\">\n\t\t\t<a href=\"https:\/\/www.pfccostadelsol.com\/en\/pfc-costa-del-sol-ofreciendo-alternativas-a-pretemporadas-en-la-costa-del-sol\/\" >\n\t\t\t\tPFC Costa del Sol, ofreciendo alternativas a pretemporadas en la Costa del Sol\t\t\t<\/a>\n\t\t<\/h3>\n\t\t\n\t\t<a class=\"elementor-post__read-more\" href=\"https:\/\/www.pfccostadelsol.com\/en\/pfc-costa-del-sol-ofreciendo-alternativas-a-pretemporadas-en-la-costa-del-sol\/\" aria-label=\"Read more about PFC Costa del Sol, ofreciendo alternativas a pretemporadas en la Costa del Sol\" tabindex=\"-1\" >\n\t\t\tRead more \u00bb\t\t<\/a>\n\n\t\t\t\t<\/div>\n\t\t\t\t<div class=\"elementor-post__meta-data\">\n\t\t\t\t\t<span class=\"elementor-post-date\">\n\t\t\t15\/01\/2025\t\t<\/span>\n\t\t\t\t<\/div>\n\t\t\t\t\t<\/div>\n\t\t<\/article>\n\t\t\t\t<\/div>\n\t\t\n\t\t\t\t\t\t<\/div>\n\t\t\t\t<\/div>\n\t\t\t\t<\/div>\n\t\t\t\t\t<\/div>\n\t\t\t\t<\/div>\n\t\t\t\t<\/div>","protected":false},"excerpt":{"rendered":"<p>El Almer\u00eda B pone a punto su maquinaria en PFC antes de visitar Jerez. El filial del Almer\u00eda, el Almer\u00eda B, eligi\u00f3 las instalaciones de<\/p>","protected":false},"author":2,"featured_media":435,"comment_status":"closed","ping_status":"closed","sticky":false,"template":"","format":"standard","meta":{"footnotes":""},"categories":[1],"tags":[],"class_list":["post-3606","post","type-post","status-publish","format-standard","has-post-thumbnail","hentry","category-teams"],"yoast_head":"<!-- This site is optimized with the Yoast SEO plugin v27.5 - https:\/\/yoast.com\/product\/yoast-seo-wordpress\/ -->\n<title>El Almer\u00eda B pone a punto su maquinaria en PFC antes de visitar Jerez - PFC Costa del Sol<\/title>\n<meta name=\"robots\" content=\"index, follow, max-snippet:-1, max-image-preview:large, max-video-preview:-1\" \/>\n<link rel=\"canonical\" href=\"https:\/\/www.pfccostadelsol.com\/en\/el-almeria-b-pone-a-punto-su-maquinaria-en-pfc-antes-de-visitar-jerez\/\" \/>\n<meta property=\"og:locale\" content=\"en_GB\" \/>\n<meta property=\"og:type\" content=\"article\" \/>\n<meta property=\"og:title\" content=\"El Almer\u00eda B pone a punto su maquinaria en PFC antes de visitar Jerez - PFC Costa del Sol\" \/>\n<meta property=\"og:description\" content=\"El Almer\u00eda B pone a punto su maquinaria en PFC antes de visitar Jerez. El filial del Almer\u00eda, el Almer\u00eda B, eligi\u00f3 las instalaciones de\" \/>\n<meta property=\"og:url\" content=\"https:\/\/www.pfccostadelsol.com\/en\/el-almeria-b-pone-a-punto-su-maquinaria-en-pfc-antes-de-visitar-jerez\/\" \/>\n<meta property=\"og:site_name\" content=\"PFC Costa del Sol\" \/>\n<meta property=\"article:published_time\" content=\"2025-01-08T09:17:43+00:00\" \/>\n<meta property=\"article:modified_time\" content=\"2026-04-23T00:25:37+00:00\" \/>\n<meta property=\"og:image\" content=\"https:\/\/www.pfccostadelsol.com\/wp-content\/uploads\/2024\/06\/WhatsApp-Image-2024-06-13-at-12.53.39-8.jpeg\" \/>\n\t<meta property=\"og:image:width\" content=\"1600\" \/>\n\t<meta property=\"og:image:height\" content=\"1066\" \/>\n\t<meta property=\"og:image:type\" content=\"image\/jpeg\" \/>\n<meta name=\"author\" content=\"Adrian\" \/>\n<meta name=\"twitter:card\" content=\"summary_large_image\" \/>\n<meta name=\"twitter:label1\" content=\"Written by\" \/>\n\t<meta name=\"twitter:data1\" content=\"Adrian\" \/>\n\t<meta name=\"twitter:label2\" content=\"Estimated reading time\" \/>\n\t<meta name=\"twitter:data2\" content=\"3 minutes\" \/>\n<script type=\"application\/ld+json\" class=\"yoast-schema-graph\">{\"@context\":\"https:\\\/\\\/schema.org\",\"@graph\":[{\"@type\":\"Article\",\"@id\":\"https:\\\/\\\/www.pfccostadelsol.com\\\/el-almeria-b-pone-a-punto-su-maquinaria-en-pfc-antes-de-visitar-jerez\\\/#article\",\"isPartOf\":{\"@id\":\"https:\\\/\\\/www.pfccostadelsol.com\\\/el-almeria-b-pone-a-punto-su-maquinaria-en-pfc-antes-de-visitar-jerez\\\/\"},\"author\":{\"name\":\"Adrian\",\"@id\":\"https:\\\/\\\/www.pfccostadelsol.com\\\/#\\\/schema\\\/person\\\/bdbf9eca4e2c32e8d89f1cfbe1aef68f\"},\"headline\":\"El Almer\u00eda B pone a punto su maquinaria en PFC antes de visitar Jerez\",\"datePublished\":\"2025-01-08T09:17:43+00:00\",\"dateModified\":\"2026-04-23T00:25:37+00:00\",\"mainEntityOfPage\":{\"@id\":\"https:\\\/\\\/www.pfccostadelsol.com\\\/el-almeria-b-pone-a-punto-su-maquinaria-en-pfc-antes-de-visitar-jerez\\\/\"},\"wordCount\":338,\"publisher\":{\"@id\":\"https:\\\/\\\/www.pfccostadelsol.com\\\/#organization\"},\"image\":{\"@id\":\"https:\\\/\\\/www.pfccostadelsol.com\\\/el-almeria-b-pone-a-punto-su-maquinaria-en-pfc-antes-de-visitar-jerez\\\/#primaryimage\"},\"thumbnailUrl\":\"https:\\\/\\\/www.pfccostadelsol.com\\\/wp-content\\\/uploads\\\/2024\\\/06\\\/WhatsApp-Image-2024-06-13-at-12.53.39-8.jpeg\",\"articleSection\":[\"Equipos\"],\"inLanguage\":\"en-GB\"},{\"@type\":\"WebPage\",\"@id\":\"https:\\\/\\\/www.pfccostadelsol.com\\\/el-almeria-b-pone-a-punto-su-maquinaria-en-pfc-antes-de-visitar-jerez\\\/\",\"url\":\"https:\\\/\\\/www.pfccostadelsol.com\\\/el-almeria-b-pone-a-punto-su-maquinaria-en-pfc-antes-de-visitar-jerez\\\/\",\"name\":\"El Almer\u00eda B pone a punto su maquinaria en PFC antes de visitar Jerez - PFC Costa del Sol\",\"isPartOf\":{\"@id\":\"https:\\\/\\\/www.pfccostadelsol.com\\\/#website\"},\"primaryImageOfPage\":{\"@id\":\"https:\\\/\\\/www.pfccostadelsol.com\\\/el-almeria-b-pone-a-punto-su-maquinaria-en-pfc-antes-de-visitar-jerez\\\/#primaryimage\"},\"image\":{\"@id\":\"https:\\\/\\\/www.pfccostadelsol.com\\\/el-almeria-b-pone-a-punto-su-maquinaria-en-pfc-antes-de-visitar-jerez\\\/#primaryimage\"},\"thumbnailUrl\":\"https:\\\/\\\/www.pfccostadelsol.com\\\/wp-content\\\/uploads\\\/2024\\\/06\\\/WhatsApp-Image-2024-06-13-at-12.53.39-8.jpeg\",\"datePublished\":\"2025-01-08T09:17:43+00:00\",\"dateModified\":\"2026-04-23T00:25:37+00:00\",\"breadcrumb\":{\"@id\":\"https:\\\/\\\/www.pfccostadelsol.com\\\/el-almeria-b-pone-a-punto-su-maquinaria-en-pfc-antes-de-visitar-jerez\\\/#breadcrumb\"},\"inLanguage\":\"en-GB\",\"potentialAction\":[{\"@type\":\"ReadAction\",\"target\":[\"https:\\\/\\\/www.pfccostadelsol.com\\\/el-almeria-b-pone-a-punto-su-maquinaria-en-pfc-antes-de-visitar-jerez\\\/\"]}]},{\"@type\":\"ImageObject\",\"inLanguage\":\"en-GB\",\"@id\":\"https:\\\/\\\/www.pfccostadelsol.com\\\/el-almeria-b-pone-a-punto-su-maquinaria-en-pfc-antes-de-visitar-jerez\\\/#primaryimage\",\"url\":\"https:\\\/\\\/www.pfccostadelsol.com\\\/wp-content\\\/uploads\\\/2024\\\/06\\\/WhatsApp-Image-2024-06-13-at-12.53.39-8.jpeg\",\"contentUrl\":\"https:\\\/\\\/www.pfccostadelsol.com\\\/wp-content\\\/uploads\\\/2024\\\/06\\\/WhatsApp-Image-2024-06-13-at-12.53.39-8.jpeg\",\"width\":1600,\"height\":1066},{\"@type\":\"BreadcrumbList\",\"@id\":\"https:\\\/\\\/www.pfccostadelsol.com\\\/el-almeria-b-pone-a-punto-su-maquinaria-en-pfc-antes-de-visitar-jerez\\\/#breadcrumb\",\"itemListElement\":[{\"@type\":\"ListItem\",\"position\":1,\"name\":\"Portada\",\"item\":\"https:\\\/\\\/www.pfccostadelsol.com\\\/\"},{\"@type\":\"ListItem\",\"position\":2,\"name\":\"El Almer\u00eda B pone a punto su maquinaria en PFC antes de visitar Jerez\"}]},{\"@type\":\"WebSite\",\"@id\":\"https:\\\/\\\/www.pfccostadelsol.com\\\/#website\",\"url\":\"https:\\\/\\\/www.pfccostadelsol.com\\\/\",\"name\":\"PFC Costa del Sol\",\"description\":\"El mejor f\u00fatbol en la Costa del Sol\",\"publisher\":{\"@id\":\"https:\\\/\\\/www.pfccostadelsol.com\\\/#organization\"},\"potentialAction\":[{\"@type\":\"SearchAction\",\"target\":{\"@type\":\"EntryPoint\",\"urlTemplate\":\"https:\\\/\\\/www.pfccostadelsol.com\\\/?s={search_term_string}\"},\"query-input\":{\"@type\":\"PropertyValueSpecification\",\"valueRequired\":true,\"valueName\":\"search_term_string\"}}],\"inLanguage\":\"en-GB\"},{\"@type\":\"Organization\",\"@id\":\"https:\\\/\\\/www.pfccostadelsol.com\\\/#organization\",\"name\":\"PFC Costa del Sol\",\"url\":\"https:\\\/\\\/www.pfccostadelsol.com\\\/\",\"logo\":{\"@type\":\"ImageObject\",\"inLanguage\":\"en-GB\",\"@id\":\"https:\\\/\\\/www.pfccostadelsol.com\\\/#\\\/schema\\\/logo\\\/image\\\/\",\"url\":\"https:\\\/\\\/www.pfccostadelsol.com\\\/wp-content\\\/uploads\\\/2024\\\/06\\\/Logo-PFC-Costa-del-Sol-blanco.png\",\"contentUrl\":\"https:\\\/\\\/www.pfccostadelsol.com\\\/wp-content\\\/uploads\\\/2024\\\/06\\\/Logo-PFC-Costa-del-Sol-blanco.png\",\"width\":960,\"height\":540,\"caption\":\"PFC Costa del Sol\"},\"image\":{\"@id\":\"https:\\\/\\\/www.pfccostadelsol.com\\\/#\\\/schema\\\/logo\\\/image\\\/\"}},{\"@type\":\"Person\",\"@id\":\"https:\\\/\\\/www.pfccostadelsol.com\\\/#\\\/schema\\\/person\\\/bdbf9eca4e2c32e8d89f1cfbe1aef68f\",\"name\":\"Adrian\",\"image\":{\"@type\":\"ImageObject\",\"inLanguage\":\"en-GB\",\"@id\":\"https:\\\/\\\/secure.gravatar.com\\\/avatar\\\/a5f7f0ec88557acd195fa4f5db2144ea18160b4064053411f02f8299e03be9b4?s=96&d=mm&r=g\",\"url\":\"https:\\\/\\\/secure.gravatar.com\\\/avatar\\\/a5f7f0ec88557acd195fa4f5db2144ea18160b4064053411f02f8299e03be9b4?s=96&d=mm&r=g\",\"contentUrl\":\"https:\\\/\\\/secure.gravatar.com\\\/avatar\\\/a5f7f0ec88557acd195fa4f5db2144ea18160b4064053411f02f8299e03be9b4?s=96&d=mm&r=g\",\"caption\":\"Adrian\"},\"url\":\"https:\\\/\\\/www.pfccostadelsol.com\\\/en\\\/author\\\/adrian\\\/\"}]}<\/script>\n<!-- \/ Yoast SEO plugin. -->","yoast_head_json":{"title":"El Almer\u00eda B pone a punto su maquinaria en PFC antes de visitar Jerez - PFC Costa del Sol","robots":{"index":"index","follow":"follow","max-snippet":"max-snippet:-1","max-image-preview":"max-image-preview:large","max-video-preview":"max-video-preview:-1"},"canonical":"https:\/\/www.pfccostadelsol.com\/en\/el-almeria-b-pone-a-punto-su-maquinaria-en-pfc-antes-de-visitar-jerez\/","og_locale":"en_GB","og_type":"article","og_title":"El Almer\u00eda B pone a punto su maquinaria en PFC antes de visitar Jerez - PFC Costa del Sol","og_description":"El Almer\u00eda B pone a punto su maquinaria en PFC antes de visitar Jerez. El filial del Almer\u00eda, el Almer\u00eda B, eligi\u00f3 las instalaciones de","og_url":"https:\/\/www.pfccostadelsol.com\/en\/el-almeria-b-pone-a-punto-su-maquinaria-en-pfc-antes-de-visitar-jerez\/","og_site_name":"PFC Costa del Sol","article_published_time":"2025-01-08T09:17:43+00:00","article_modified_time":"2026-04-23T00:25:37+00:00","og_image":[{"width":1600,"height":1066,"url":"https:\/\/www.pfccostadelsol.com\/wp-content\/uploads\/2024\/06\/WhatsApp-Image-2024-06-13-at-12.53.39-8.jpeg","type":"image\/jpeg"}],"author":"Adrian","twitter_card":"summary_large_image","twitter_misc":{"Written by":"Adrian","Estimated reading time":"3 minutes"},"schema":{"@context":"https:\/\/schema.org","@graph":[{"@type":"Article","@id":"https:\/\/www.pfccostadelsol.com\/el-almeria-b-pone-a-punto-su-maquinaria-en-pfc-antes-de-visitar-jerez\/#article","isPartOf":{"@id":"https:\/\/www.pfccostadelsol.com\/el-almeria-b-pone-a-punto-su-maquinaria-en-pfc-antes-de-visitar-jerez\/"},"author":{"name":"Adrian","@id":"https:\/\/www.pfccostadelsol.com\/#\/schema\/person\/bdbf9eca4e2c32e8d89f1cfbe1aef68f"},"headline":"El Almer\u00eda B pone a punto su maquinaria en PFC antes de visitar Jerez","datePublished":"2025-01-08T09:17:43+00:00","dateModified":"2026-04-23T00:25:37+00:00","mainEntityOfPage":{"@id":"https:\/\/www.pfccostadelsol.com\/el-almeria-b-pone-a-punto-su-maquinaria-en-pfc-antes-de-visitar-jerez\/"},"wordCount":338,"publisher":{"@id":"https:\/\/www.pfccostadelsol.com\/#organization"},"image":{"@id":"https:\/\/www.pfccostadelsol.com\/el-almeria-b-pone-a-punto-su-maquinaria-en-pfc-antes-de-visitar-jerez\/#primaryimage"},"thumbnailUrl":"https:\/\/www.pfccostadelsol.com\/wp-content\/uploads\/2024\/06\/WhatsApp-Image-2024-06-13-at-12.53.39-8.jpeg","articleSection":["Equipos"],"inLanguage":"en-GB"},{"@type":"WebPage","@id":"https:\/\/www.pfccostadelsol.com\/el-almeria-b-pone-a-punto-su-maquinaria-en-pfc-antes-de-visitar-jerez\/","url":"https:\/\/www.pfccostadelsol.com\/el-almeria-b-pone-a-punto-su-maquinaria-en-pfc-antes-de-visitar-jerez\/","name":"El Almer\u00eda B pone a punto su maquinaria en PFC antes de visitar Jerez - PFC Costa del Sol","isPartOf":{"@id":"https:\/\/www.pfccostadelsol.com\/#website"},"primaryImageOfPage":{"@id":"https:\/\/www.pfccostadelsol.com\/el-almeria-b-pone-a-punto-su-maquinaria-en-pfc-antes-de-visitar-jerez\/#primaryimage"},"image":{"@id":"https:\/\/www.pfccostadelsol.com\/el-almeria-b-pone-a-punto-su-maquinaria-en-pfc-antes-de-visitar-jerez\/#primaryimage"},"thumbnailUrl":"https:\/\/www.pfccostadelsol.com\/wp-content\/uploads\/2024\/06\/WhatsApp-Image-2024-06-13-at-12.53.39-8.jpeg","datePublished":"2025-01-08T09:17:43+00:00","dateModified":"2026-04-23T00:25:37+00:00","breadcrumb":{"@id":"https:\/\/www.pfccostadelsol.com\/el-almeria-b-pone-a-punto-su-maquinaria-en-pfc-antes-de-visitar-jerez\/#breadcrumb"},"inLanguage":"en-GB","potentialAction":[{"@type":"ReadAction","target":["https:\/\/www.pfccostadelsol.com\/el-almeria-b-pone-a-punto-su-maquinaria-en-pfc-antes-de-visitar-jerez\/"]}]},{"@type":"ImageObject","inLanguage":"en-GB","@id":"https:\/\/www.pfccostadelsol.com\/el-almeria-b-pone-a-punto-su-maquinaria-en-pfc-antes-de-visitar-jerez\/#primaryimage","url":"https:\/\/www.pfccostadelsol.com\/wp-content\/uploads\/2024\/06\/WhatsApp-Image-2024-06-13-at-12.53.39-8.jpeg","contentUrl":"https:\/\/www.pfccostadelsol.com\/wp-content\/uploads\/2024\/06\/WhatsApp-Image-2024-06-13-at-12.53.39-8.jpeg","width":1600,"height":1066},{"@type":"BreadcrumbList","@id":"https:\/\/www.pfccostadelsol.com\/el-almeria-b-pone-a-punto-su-maquinaria-en-pfc-antes-de-visitar-jerez\/#breadcrumb","itemListElement":[{"@type":"ListItem","position":1,"name":"Portada","item":"https:\/\/www.pfccostadelsol.com\/"},{"@type":"ListItem","position":2,"name":"El Almer\u00eda B pone a punto su maquinaria en PFC antes de visitar Jerez"}]},{"@type":"WebSite","@id":"https:\/\/www.pfccostadelsol.com\/#website","url":"https:\/\/www.pfccostadelsol.com\/","name":"PFC Costa del Sol","description":"El mejor f\u00fatbol en la Costa del Sol","publisher":{"@id":"https:\/\/www.pfccostadelsol.com\/#organization"},"potentialAction":[{"@type":"SearchAction","target":{"@type":"EntryPoint","urlTemplate":"https:\/\/www.pfccostadelsol.com\/?s={search_term_string}"},"query-input":{"@type":"PropertyValueSpecification","valueRequired":true,"valueName":"search_term_string"}}],"inLanguage":"en-GB"},{"@type":"Organization","@id":"https:\/\/www.pfccostadelsol.com\/#organization","name":"PFC Costa del Sol","url":"https:\/\/www.pfccostadelsol.com\/","logo":{"@type":"ImageObject","inLanguage":"en-GB","@id":"https:\/\/www.pfccostadelsol.com\/#\/schema\/logo\/image\/","url":"https:\/\/www.pfccostadelsol.com\/wp-content\/uploads\/2024\/06\/Logo-PFC-Costa-del-Sol-blanco.png","contentUrl":"https:\/\/www.pfccostadelsol.com\/wp-content\/uploads\/2024\/06\/Logo-PFC-Costa-del-Sol-blanco.png","width":960,"height":540,"caption":"PFC Costa del Sol"},"image":{"@id":"https:\/\/www.pfccostadelsol.com\/#\/schema\/logo\/image\/"}},{"@type":"Person","@id":"https:\/\/www.pfccostadelsol.com\/#\/schema\/person\/bdbf9eca4e2c32e8d89f1cfbe1aef68f","name":"Adrian","image":{"@type":"ImageObject","inLanguage":"en-GB","@id":"https:\/\/secure.gravatar.com\/avatar\/a5f7f0ec88557acd195fa4f5db2144ea18160b4064053411f02f8299e03be9b4?s=96&d=mm&r=g","url":"https:\/\/secure.gravatar.com\/avatar\/a5f7f0ec88557acd195fa4f5db2144ea18160b4064053411f02f8299e03be9b4?s=96&d=mm&r=g","contentUrl":"https:\/\/secure.gravatar.com\/avatar\/a5f7f0ec88557acd195fa4f5db2144ea18160b4064053411f02f8299e03be9b4?s=96&d=mm&r=g","caption":"Adrian"},"url":"https:\/\/www.pfccostadelsol.com\/en\/author\/adrian\/"}]}},"_links":{"self":[{"href":"https:\/\/www.pfccostadelsol.com\/en\/wp-json\/wp\/v2\/posts\/3606","targetHints":{"allow":["GET"]}}],"collection":[{"href":"https:\/\/www.pfccostadelsol.com\/en\/wp-json\/wp\/v2\/posts"}],"about":[{"href":"https:\/\/www.pfccostadelsol.com\/en\/wp-json\/wp\/v2\/types\/post"}],"author":[{"embeddable":true,"href":"https:\/\/www.pfccostadelsol.com\/en\/wp-json\/wp\/v2\/users\/2"}],"replies":[{"embeddable":true,"href":"https:\/\/www.pfccostadelsol.com\/en\/wp-json\/wp\/v2\/comments?post=3606"}],"version-history":[{"count":40,"href":"https:\/\/www.pfccostadelsol.com\/en\/wp-json\/wp\/v2\/posts\/3606\/revisions"}],"predecessor-version":[{"id":11291,"href":"https:\/\/www.pfccostadelsol.com\/en\/wp-json\/wp\/v2\/posts\/3606\/revisions\/11291"}],"wp:featuredmedia":[{"embeddable":true,"href":"https:\/\/www.pfccostadelsol.com\/en\/wp-json\/wp\/v2\/media\/435"}],"wp:attachment":[{"href":"https:\/\/www.pfccostadelsol.com\/en\/wp-json\/wp\/v2\/media?parent=3606"}],"wp:term":[{"taxonomy":"category","embeddable":true,"href":"https:\/\/www.pfccostadelsol.com\/en\/wp-json\/wp\/v2\/categories?post=3606"},{"taxonomy":"post_tag","embeddable":true,"href":"https:\/\/www.pfccostadelsol.com\/en\/wp-json\/wp\/v2\/tags?post=3606"}],"curies":[{"name":"wp","href":"https:\/\/api.w.org\/{rel}","templated":true}]}}